{"id":51389,"date":"2026-09-03T14:43:29","date_gmt":"2026-09-03T12:43:29","guid":{"rendered":"https:\/\/balfego.com\/conoce-10-sushichefs-itamae-balfego-2026\/"},"modified":"2026-09-04T14:04:08","modified_gmt":"2026-09-04T12:04:08","slug":"conoce-10-sushichefs-itamae-balfego-2026","status":"publish","type":"post","link":"https:\/\/balfego.com\/ca\/conoce-10-sushichefs-itamae-balfego-2026\/","title":{"rendered":"Coneix els 10 sushichefs que competiran a ITAMAE Balfeg\u00f3 2026."},"content":{"rendered":"<div>\n<p><strong>ITAMAE BALFEG\u00d3 tornar\u00e0 el pr\u00f2xim 28 de setembre amb una edici\u00f3 que refor\u00e7a la seva dimensi\u00f3 internacional.<\/strong> Per primera vegada, el certamen reunir\u00e0 sushichefs procedents de diversos pa\u00efsos europeus que competiran pel t\u00edtol de <strong>Millor ITAMAE d\u2019Europa<\/strong>. La jornada, que tindr\u00e0 lloc a les noves instal\u00b7lacions de Balfeg\u00f3 a l\u2019Ametlla de Mar, combinar\u00e0 la competici\u00f3 amb activitats formatives dirigides tant a professionals com a aficionats a la gastronomia japonesa. El programa inclour\u00e0 tallers sobre t\u00e8cniques culin\u00e0ries japoneses, cultura del sake i desfermat i tall de peix, impartits per destacats especialistes del sector. La cita culminar\u00e0 amb la gala de lliurament de premis, que reunir\u00e0 algunes de les figures m\u00e9s influents de la gastronomia japonesa i espanyola. Despr\u00e9s d\u2019un exigent proc\u00e9s de selecci\u00f3 entre desenes de candidats, aquests s\u00f3n els deu professionals que optaran al t\u00edtol continental:<\/p>\n<p><strong>ADRI\u00c1N FIGUEROA BARCIELA \u2013 OMAKASE CORU\u00d1A (A CORUNYA)<\/strong><\/p>\n<p>Nascut el 1991, Adri\u00e1n Figueroa Barciela ha constru\u00eft una traject\u00f2ria estretament vinculada a la cuina japonesa i a la difusi\u00f3 de la tonyina roja. Despr\u00e9s dels seus inicis professionals a Londres, al restaurant Stuzzico, va continuar la seva formaci\u00f3 i experi\u00e8ncia en diferents establiments de Gal\u00edcia, entre els quals destaquen el Real Club N\u00e1utico de Vigo, Osushi i Purosushi. L\u2019any 2019 es va incorporar al Grup Balfeg\u00f3, on va desenvolupar la seva activitat a Tunateca Balfeg\u00f3 i va participar en nombroses accions internacionals destinades a promocionar les qualitats gastron\u00f2miques de la tonyina roja arreu del m\u00f3n. El seu esperit emprenedor el va portar a inaugurar el 2021 el seu propi projecte, Omakase Coru\u00f1a, un restaurant especialitzat en cuina japonesa que s\u2019ha consolidat com una de les propostes de refer\u00e8ncia de la ciutat gallega.<\/p>\n<\/div>\n<p><img loading=\"lazy\" decoding=\"async\" class=\"aligncenter wp-image-51307\" title=\"Conoce a los 10 sushichefs que competir\u00e1n en ITAMAE Balfeg\u00f3 2026 1\" src=\"https:\/\/balfego.com\/app\/uploads\/2026\/09\/Adrian-Figueroa.jpeg\" sizes=\"auto, (max-width: 289px) 100vw, 289px\" srcset=\"https:\/\/balfego.com\/app\/uploads\/2026\/09\/Adrian-Figueroa.jpeg 335w, https:\/\/balfego.com\/app\/uploads\/2026\/09\/Adrian-Figueroa-168x300.jpeg 168w\" alt=\"Adrian Figueroa\" width=\"289\" height=\"515\" \/><\/p>\n<div class=\"r17kselw\">\n<div class=\"fai-CopilotMessage__disclaimer r1a5ho4p\"><\/div>\n<\/div>\n<div id=\"copilot-message-_r_dev_\" class=\"fai-CopilotMessage__content r1izxv8h ___7qar2c0 fcthzvy\" dir=\"auto\">\n<div>\n<div dir=\"auto\">\n<div class=\"___1vve6yh f22iagw f1vx9l62 f122n59 f3bhgqh f1mnxvew fly5x3f\">\n<div class=\"___j4vmuw0 f22iagw f1vx9l62 f1869bpl fly5x3f fbc6vix\">\n<div tabindex=\"0\" data-testid=\"loading-message\" data-fui-focus-visible=\"\">\n<div>\n<div>\n<div id=\"response-id_r_det_\" class=\"___1yop6mf f336tjw f9ijwd5 fz7g6wx fod5ikn f1s184ao\" data-testid=\"lastChatMessage\">\n<div class=\"___1peis63 f22iagw f1063pyq f6jr5hl f1c88k3p\">\n<div class=\"___4htdyp0 fz7g6wx fy77jfu\">\n<div class=\"___1j4t0a1 f1lmfglv f1abmfm4\" dir=\"auto\" aria-hidden=\"false\" data-testid=\"markdown-reply\" data-message-id=\"59bee2c8-2ca6-46a2-8f6e-49917b2a2104\" data-message-type=\"Chat\">\n<div class=\"___1ddt6wa f22iagw f1vx9l62 fkmyikg fk15e71 f1k953kz f137keqj f1rncccw f1stllg3 f1w4kmmc f1tric3v f10dk5ic fx8cdsv f16nlwsl f1eookvz fhjrts3 fqugt2f f18d18k8 f1v1vhmp f1hdmul3 f198vjnp f2dshw1 fjpjndq fnmj2pj ffrrb40 f1mon110 fhajzam fimndk6 fxv4dng fb1rn9k f59wlhv f1xmfh30 f18yf5o5 fmr6chf fw8qy2q ff161sd f1qr7t77 f1yyogn1 foogchg fp5872b f1tpb8gf f1hdgrc8 f1vatr43 frkxccd f9pdzkb f158oiaz ft5kggy f5l4ui7 f13j03li f18xdoka f8off4e f1go6zfc f128n2ra f1jpxw2j f1lwd9n0 fy0b8hm f1g2633v fx4kvgi fkvolse f1gxrt3a f1os76ua f1js9cnw f1g87ej0 freluf8 f1yggaq6 f2i3chp f1151osp florpoh f35kzfz ftp9m57 f1e288vi fz62hnz fixvuys f1nmofwh fc1c6mv f18a2er7 fhvkrdl fhxnn68 f1oce4bo fvhlfan f7tc0t0 f1ngf1n2 ffrzq6x f1yjiq2m f1aqdgql f1huvaf f10ij78l f1k94sa4 fkmfumq f1jvzkyl f1eu24ob f1xbfc1f fmf0lwf f107dsy8 f3w566c f4648sl f13zpkng f7unjfp f8p1rz fzu6h1w f1i1bi6h f1smo7hi f1sk1xod f1kgogdq f1gjktkp ft608jz f1o9wiiv fg3xr24 fhd155k f1b8gl2e fg4b9ou flb4lo fdicbfk fgwcyh1 f1jbds0d f1fb9uea f1stuka4 fcrtu6g fwqh0xn f11w66yg f6e0e65 f1vvgu0 f1607507 fgct6un f1ec1nbe fg3fpv7 f1m9bycv f1ntoah8 f1b694rt faql4r2 fpjuhzh fmavl6h f1d9bsk fmzhlt0 f145l92p fwkyaqm f129obh1 f19la9g f127w39w fr0ux9m fxhidck f1cu4h9j f1wnbo7v f1eueg4z fy9c24f f1h2o91j f1iw08fq f19n0e5 f196z6ca fsbhmxc f1mth4z6\">\n<p><strong>BISHNU GHARTI \u2013 PENHA LONGA RESORT \u2013 SINTRA (PORTUGAL)<\/strong><\/p>\n<p>L\u2019especialista en sushi <strong>Bishnu Gharti<\/strong> va n\u00e9ixer l\u2019any 1992 a Dang (Nepal). Va iniciar la seva traject\u00f2ria professional treballant en hotels de la seva ciutat natal entre el 2012 i el 2014. El seu primer salt internacional el va portar el 2015 al <strong>The Regency<\/strong>, a Salmiya (Kuwait). L\u2019any 2021 va arribar a Portugal, on va comen\u00e7ar a treballar al <strong>Daisuki Sushi Love<\/strong> de Carnaxide. El seu seg\u00fcent dest\u00ed al pa\u00eds va ser Sintra, al restaurant <strong>Kodachi Japanese Sushi Bar<\/strong>, on va exercir durant els anys 2022 i 2023. Posteriorment, entre el 2024 i el 2025, va formar part de l\u2019equip de <strong>Miyuki Japan Sushi Bar<\/strong>, a Vizela. Finalment, va tornar a la bella ciutat de Sintra per incorporar-se al <strong>Penha Longa Resort<\/strong>, on actualment exerceix com a <strong>sushi chef<\/strong>.<\/p>\n<\/div>\n<\/div>\n<\/div>\n<\/div>\n<\/div>\n<\/div>\n<\/div>\n<\/div>\n<\/div>\n<\/div>\n<\/div>\n<\/div>\n<\/div>\n<p><img loading=\"lazy\" decoding=\"async\" class=\"aligncenter wp-image-51286\" title=\"Conoce a los 10 sushichefs que competir\u00e1n en ITAMAE Balfeg\u00f3 2026 2\" src=\"https:\/\/balfego.com\/app\/uploads\/2026\/09\/Bishnu-1024x970.jpeg\" sizes=\"auto, (max-width: 440px) 100vw, 440px\" srcset=\"https:\/\/balfego.com\/app\/uploads\/2026\/09\/Bishnu-1024x970.jpeg 1024w, https:\/\/balfego.com\/app\/uploads\/2026\/09\/Bishnu-300x284.jpeg 300w, https:\/\/balfego.com\/app\/uploads\/2026\/09\/Bishnu-768x728.jpeg 768w, https:\/\/balfego.com\/app\/uploads\/2026\/09\/Bishnu-1536x1455.jpeg 1536w, https:\/\/balfego.com\/app\/uploads\/2026\/09\/Bishnu.jpeg 1600w\" alt=\"Bishnu\" width=\"440\" height=\"417\" \/><\/p>\n<p>&nbsp;<\/p>\n<div>\n<p><strong>CHI TAM PHAN \u2013 SAINT LAURENT-SUSHI PARK PARIS (PAR\u00cdS)<\/strong><\/p>\n<p>Amb dues d\u00e8cades d\u2019experi\u00e8ncia a l\u2019esquena, Chi Tam Phan ha desenvolupat bona part de la seva traject\u00f2ria professional en alguns dels hotels i establiments gastron\u00f2mics m\u00e9s exclusius de Par\u00eds. D\u2019origen vietnamita, la seva carrera ha estat marcada per una s\u00f2lida especialitzaci\u00f3 en cuina japonesa i sushi d\u2019alta gamma. Els seus inicis professionals van tenir lloc a Londres, al costat de la marca Nobu, abans de participar en l\u2019obertura de <strong>Nobu Par\u00eds<\/strong> entre 2001 i 2002. Posteriorment, va continuar ampliant la seva experi\u00e8ncia en diversos establiments de refer\u00e8ncia de la capital francesa, com ara l\u2019<strong>H\u00f4tel Pershing Hall<\/strong>, l\u2019<strong>H\u00f4tel Benkay Novotel Tour Eiffel<\/strong> i <strong>Lo Sushi<\/strong>. L\u2019any 2009 es va incorporar al prestigi\u00f3s <strong>Ritz Par\u00eds<\/strong>, iniciant una etapa vinculada als grans hotels de luxe de la ciutat. La seva traject\u00f2ria va continuar al <strong>Mandarin Oriental Paris<\/strong>, al restaurant <strong>Cam\u00e9lia<\/strong> (2011-2013), i posteriorment al <strong>Buddha-Bar H\u00f4tel Paris<\/strong> (2014-2015). Despr\u00e9s d\u2019aquesta experi\u00e8ncia, va tornar al <strong>Ritz Par\u00eds<\/strong>, on va treballar fins al 2017. Aquell mateix any es va incorporar a l\u2019<strong>H\u00f4tel Le Royal Monceau<\/strong>, i el 2018 va passar a formar part de l\u2019equip de l\u2019<strong>Hotel Banke Par\u00eds<\/strong>. Entre 2020 i 2024 va desenvolupar la seva activitat com a xef privat, consolidant un estil propi basat en la precisi\u00f3 t\u00e8cnica i el respecte pel producte. Des del 2025 forma part de l\u2019equip de <strong>Saint Laurent-Sushi Park Paris<\/strong>, un dels projectes gastron\u00f2mics m\u00e9s exclusius de la capital francesa, on continua perfeccionant el seu art com a especialista en sushi.<\/p>\n<\/div>\n<p><img loading=\"lazy\" decoding=\"async\" class=\"aligncenter wp-image-51300\" title=\"Conoce a los 10 sushichefs que competir\u00e1n en ITAMAE Balfeg\u00f3 2026 3\" src=\"https:\/\/balfego.com\/app\/uploads\/2026\/09\/Chi-Pam-Tan-1024x1024.jpeg\" sizes=\"auto, (max-width: 429px) 100vw, 429px\" srcset=\"https:\/\/balfego.com\/app\/uploads\/2026\/09\/Chi-Pam-Tan-1024x1024.jpeg 1024w, https:\/\/balfego.com\/app\/uploads\/2026\/09\/Chi-Pam-Tan-300x300.jpeg 300w, https:\/\/balfego.com\/app\/uploads\/2026\/09\/Chi-Pam-Tan-150x150.jpeg 150w, https:\/\/balfego.com\/app\/uploads\/2026\/09\/Chi-Pam-Tan-768x768.jpeg 768w, https:\/\/balfego.com\/app\/uploads\/2026\/09\/Chi-Pam-Tan.jpeg 1080w\" alt=\"Chi Pam Tan\" width=\"429\" height=\"429\" \/><\/p>\n<div class=\"r17kselw\">\n<div class=\"fai-CopilotMessage__disclaimer r1a5ho4p\"><\/div>\n<\/div>\n<div id=\"copilot-message-_r_e8o_\" class=\"fai-CopilotMessage__content r1izxv8h ___7qar2c0 fcthzvy\" dir=\"auto\">\n<div>\n<div dir=\"auto\">\n<div class=\"___1vve6yh f22iagw f1vx9l62 f122n59 f3bhgqh f1mnxvew fly5x3f\">\n<div class=\"___j4vmuw0 f22iagw f1vx9l62 f1869bpl fly5x3f fbc6vix\">\n<div tabindex=\"0\" data-testid=\"loading-message\" data-fui-focus-visible=\"\">\n<div>\n<div>\n<div id=\"response-id_r_e8m_\" class=\"___1yop6mf f336tjw f9ijwd5 fz7g6wx fod5ikn f1s184ao\" data-testid=\"lastChatMessage\">\n<div class=\"___1peis63 f22iagw f1063pyq f6jr5hl f1c88k3p\">\n<div class=\"___4htdyp0 fz7g6wx fy77jfu\">\n<div class=\"___1j4t0a1 f1lmfglv f1abmfm4\" dir=\"auto\" aria-hidden=\"false\" data-testid=\"markdown-reply\" data-message-id=\"dcf42d08-17b8-4900-85dd-8c6db7c25f5a\" data-message-type=\"Chat\">\n<div class=\"___1ddt6wa f22iagw f1vx9l62 fkmyikg fk15e71 f1k953kz f137keqj f1rncccw f1stllg3 f1w4kmmc f1tric3v f10dk5ic fx8cdsv f16nlwsl f1eookvz fhjrts3 fqugt2f f18d18k8 f1v1vhmp f1hdmul3 f198vjnp f2dshw1 fjpjndq fnmj2pj ffrrb40 f1mon110 fhajzam fimndk6 fxv4dng fb1rn9k f59wlhv f1xmfh30 f18yf5o5 fmr6chf fw8qy2q ff161sd f1qr7t77 f1yyogn1 foogchg fp5872b f1tpb8gf f1hdgrc8 f1vatr43 frkxccd f9pdzkb f158oiaz ft5kggy f5l4ui7 f13j03li f18xdoka f8off4e f1go6zfc f128n2ra f1jpxw2j f1lwd9n0 fy0b8hm f1g2633v fx4kvgi fkvolse f1gxrt3a f1os76ua f1js9cnw f1g87ej0 freluf8 f1yggaq6 f2i3chp f1151osp florpoh f35kzfz ftp9m57 f1e288vi fz62hnz fixvuys f1nmofwh fc1c6mv f18a2er7 fhvkrdl fhxnn68 f1oce4bo fvhlfan f7tc0t0 f1ngf1n2 ffrzq6x f1yjiq2m f1aqdgql f1huvaf f10ij78l f1k94sa4 fkmfumq f1jvzkyl f1eu24ob f1xbfc1f fmf0lwf f107dsy8 f3w566c f4648sl f13zpkng f7unjfp f8p1rz fzu6h1w f1i1bi6h f1smo7hi f1sk1xod f1kgogdq f1gjktkp ft608jz f1o9wiiv fg3xr24 fhd155k f1b8gl2e fg4b9ou flb4lo fdicbfk fgwcyh1 f1jbds0d f1fb9uea f1stuka4 fcrtu6g fwqh0xn f11w66yg f6e0e65 f1vvgu0 f1607507 fgct6un f1ec1nbe fg3fpv7 f1m9bycv f1ntoah8 f1b694rt faql4r2 fpjuhzh fmavl6h f1d9bsk fmzhlt0 f145l92p fwkyaqm f129obh1 f19la9g f127w39w fr0ux9m fxhidck f1cu4h9j f1wnbo7v f1eueg4z fy9c24f f1h2o91j f1iw08fq f19n0e5 f196z6ca fsbhmxc f1mth4z6\">\n<p><strong>EDUARD DIMANT \u2013 MOCHI (VIENA)<\/strong><\/p>\n<p>Referent de la cuina japonesa a \u00c0ustria, Eduard Dimant acumula m\u00e9s de tres d\u00e8cades de traject\u00f2ria professional constru\u00efda entre algunes de les capitals gastron\u00f2miques m\u00e9s influents d\u2019Europa. El seu recorregut va comen\u00e7ar l\u2019any 1992 al <strong>Sushi Bar Berlin<\/strong>, primer pas d\u2019una carrera marcada per la recerca constant de l\u2019excel\u00b7l\u00e8ncia i el contacte amb grans noms de la gastronomia internacional. Despr\u00e9s d\u2019una etapa al <strong>Hyatt Berl\u00edn<\/strong>, va traslladar-se a Par\u00eds per treballar en establiments de prestigi com el restaurant de <strong>Pierre Gagnaire<\/strong>, l\u2019<strong>H\u00f4tel de Crillon<\/strong> al costat del xef <strong>Jean-Fran\u00e7ois Pi\u00e8ge<\/strong> i el <strong>Park Hyatt Par\u00eds<\/strong>. Posteriorment va tornar a Alemanya, on va formar part de projectes destacats com <strong>Shiro i Shiro<\/strong>, <strong>DO &amp; CO Club Restaurant<\/strong> de Munic i el reconegut espai gastron\u00f2mic de <strong>BMW Welt<\/strong>. L\u2019any 2009 es va instal\u00b7lar a Viena per incorporar-se a <strong>DO &amp; CO Restaurant<\/strong>, situat davant de la catedral de Sant Esteve, una experi\u00e8ncia que acabaria marcant el seu futur professional a la capital austr\u00edaca. El 2012 va fer el pas definitiu cap a l\u2019emprenedoria amb la creaci\u00f3 de <strong>Mochi<\/strong>, projecte que amb el temps s\u2019ha convertit en un dels grups gastron\u00f2mics japonesos m\u00e9s influents d\u2019\u00c0ustria. Sota el seu lideratge han nascut iniciatives com <strong>O.M.K<\/strong>, <strong>Ramen Bar<\/strong>, <strong>Kikko B\u0101<\/strong>, <strong>Mochi Catering<\/strong>, <strong>K\u014db\u014d<\/strong>, <strong>Cucina Itameshi Vienna<\/strong> i <strong>Chicken Karate<\/strong>, consolidant una proposta que combina tradici\u00f3 japonesa, innovaci\u00f3 i una marcada personalitat pr\u00f2pia.<\/p>\n<\/div>\n<\/div>\n<\/div>\n<\/div>\n<\/div>\n<\/div>\n<\/div>\n<\/div>\n<\/div>\n<\/div>\n<\/div>\n<\/div>\n<\/div>\n<p><img loading=\"lazy\" decoding=\"async\" class=\"aligncenter wp-image-51293\" title=\"Conoce a los 10 sushichefs que competir\u00e1n en ITAMAE Balfeg\u00f3 2026 4\" src=\"https:\/\/balfego.com\/app\/uploads\/2026\/09\/Eduard-Dimand-683x1024.jpg\" sizes=\"auto, (max-width: 335px) 100vw, 335px\" srcset=\"https:\/\/balfego.com\/app\/uploads\/2026\/09\/Eduard-Dimand-683x1024.jpg 683w, https:\/\/balfego.com\/app\/uploads\/2026\/09\/Eduard-Dimand-200x300.jpg 200w, https:\/\/balfego.com\/app\/uploads\/2026\/09\/Eduard-Dimand-768x1152.jpg 768w, https:\/\/balfego.com\/app\/uploads\/2026\/09\/Eduard-Dimand-1024x1536.jpg 1024w, https:\/\/balfego.com\/app\/uploads\/2026\/09\/Eduard-Dimand-1366x2048.jpg 1366w, https:\/\/balfego.com\/app\/uploads\/2026\/09\/Eduard-Dimand.jpg 1667w\" alt=\"Eduard Dimand\" width=\"335\" height=\"502\" \/><\/p>\n<p>&nbsp;<\/p>\n<div id=\"copilot-message-_r_ec5_\" class=\"fai-CopilotMessage__content r1izxv8h ___7qar2c0 fcthzvy\" dir=\"auto\">\n<div>\n<div dir=\"auto\">\n<div class=\"___1vve6yh f22iagw f1vx9l62 f122n59 f3bhgqh f1mnxvew fly5x3f\">\n<div class=\"___j4vmuw0 f22iagw f1vx9l62 f1869bpl fly5x3f fbc6vix\">\n<div tabindex=\"0\" data-testid=\"loading-message\">\n<div>\n<div>\n<div id=\"response-id_r_ec3_\" class=\"___1yop6mf f336tjw f9ijwd5 fz7g6wx fod5ikn f1s184ao\" data-testid=\"lastChatMessage\">\n<div class=\"___1peis63 f22iagw f1063pyq f6jr5hl f1c88k3p\">\n<div class=\"___4htdyp0 fz7g6wx fy77jfu\">\n<div class=\"___1j4t0a1 f1lmfglv f1abmfm4\" dir=\"auto\" aria-hidden=\"false\" data-testid=\"markdown-reply\" data-message-id=\"26e7446d-466d-4a25-b9f8-c7ac6d47db1f\" data-message-type=\"Chat\">\n<div class=\"___1ddt6wa f22iagw f1vx9l62 fkmyikg fk15e71 f1k953kz f137keqj f1rncccw f1stllg3 f1w4kmmc f1tric3v f10dk5ic fx8cdsv f16nlwsl f1eookvz fhjrts3 fqugt2f f18d18k8 f1v1vhmp f1hdmul3 f198vjnp f2dshw1 fjpjndq fnmj2pj ffrrb40 f1mon110 fhajzam fimndk6 fxv4dng fb1rn9k f59wlhv f1xmfh30 f18yf5o5 fmr6chf fw8qy2q ff161sd f1qr7t77 f1yyogn1 foogchg fp5872b f1tpb8gf f1hdgrc8 f1vatr43 frkxccd f9pdzkb f158oiaz ft5kggy f5l4ui7 f13j03li f18xdoka f8off4e f1go6zfc f128n2ra f1jpxw2j f1lwd9n0 fy0b8hm f1g2633v fx4kvgi fkvolse f1gxrt3a f1os76ua f1js9cnw f1g87ej0 freluf8 f1yggaq6 f2i3chp f1151osp florpoh f35kzfz ftp9m57 f1e288vi fz62hnz fixvuys f1nmofwh fc1c6mv f18a2er7 fhvkrdl fhxnn68 f1oce4bo fvhlfan f7tc0t0 f1ngf1n2 ffrzq6x f1yjiq2m f1aqdgql f1huvaf f10ij78l f1k94sa4 fkmfumq f1jvzkyl f1eu24ob f1xbfc1f fmf0lwf f107dsy8 f3w566c f4648sl f13zpkng f7unjfp f8p1rz fzu6h1w f1i1bi6h f1smo7hi f1sk1xod f1kgogdq f1gjktkp ft608jz f1o9wiiv fg3xr24 fhd155k f1b8gl2e fg4b9ou flb4lo fdicbfk fgwcyh1 f1jbds0d f1fb9uea f1stuka4 fcrtu6g fwqh0xn f11w66yg f6e0e65 f1vvgu0 f1607507 fgct6un f1ec1nbe fg3fpv7 f1m9bycv f1ntoah8 f1b694rt faql4r2 fpjuhzh fmavl6h f1d9bsk fmzhlt0 f145l92p fwkyaqm f129obh1 f19la9g f127w39w fr0ux9m fxhidck f1cu4h9j f1wnbo7v f1eueg4z fy9c24f f1h2o91j f1iw08fq f19n0e5 f196z6ca fsbhmxc f1mth4z6\">\n<p><strong>EDUARDO FABRICIO RODRIGUES PEIXOTO \u2013 YAKUZA ALGARVE ALBUFEIRA (PORTUGAL)<\/strong><\/p>\n<p>Nascut al Brasil l\u2019any 1996 i especialitzat en l\u2019experi\u00e8ncia <strong>omakase<\/strong>, Eduardo Fabricio Rodrigues Peixoto forma part d\u2019una nova generaci\u00f3 de sushichefs que han constru\u00eft la seva carrera a partir d\u2019una intensa experi\u00e8ncia internacional. Va iniciar-se professionalment amb nom\u00e9s 17 anys, comen\u00e7ant un recorregut que l\u2019ha portat per alguns dels principals establiments de cuina japonesa del Brasil i Portugal. Els seus primers passos els va fer a <strong>Keemo Sushi Na Esteira<\/strong>, abans de consolidar la seva formaci\u00f3 a <strong>Temaki Art<\/strong>, on va treballar durant quatre anys. Posteriorment va ampliar experi\u00e8ncia en restaurants com <strong>Hike<\/strong>, a Praia Brava, <strong>Sushi Today<\/strong> i <strong>Unizushi<\/strong>, acumulant una s\u00f2lida traject\u00f2ria en l\u2019\u00e0mbit del sushi i la cuina japonesa contempor\u00e0nia. L\u2019any 2022 va fer el salt a Portugal incorporant-se al restaurant <strong>Well Vale do Lobo<\/strong>, a l\u2019Algarve. Aquell mateix any va entrar a formar part del grup <strong>Yakuza<\/strong>, una de les marques m\u00e9s reconegudes de la gastronomia japonesa a la pen\u00ednsula Ib\u00e8rica, treballant tant a <strong>Yakuza Lisboa<\/strong>com a <strong>Yakuza Par\u00eds<\/strong>. La seva carrera ha combinat experi\u00e8ncies a Europa i al Brasil, passant tamb\u00e9 per <strong>Unizushi Balne\u00e1rio Cambori\u00fa<\/strong> i per <strong>Mimi Omakase<\/strong> de Lisboa, on va continuar aprofundint en una proposta gastron\u00f2mica centrada en la t\u00e8cnica, la precisi\u00f3 i el respecte pel producte. Actualment forma part de l\u2019equip de <strong>Yakuza Algarve<\/strong>, on continua desenvolupant una cuina marcada per l\u2019estil omakase i per la influ\u00e8ncia de les seves experi\u00e8ncies entre el Brasil i Europa.<\/p>\n<\/div>\n<\/div>\n<\/div>\n<\/div>\n<\/div>\n<\/div>\n<\/div>\n<\/div>\n<\/div>\n<\/div>\n<\/div>\n<\/div>\n<\/div>\n<p><img loading=\"lazy\" decoding=\"async\" class=\"aligncenter wp-image-51314\" title=\"Conoce a los 10 sushichefs que competir\u00e1n en ITAMAE Balfeg\u00f3 2026 5\" src=\"https:\/\/balfego.com\/app\/uploads\/2026\/09\/Eduardo-Fabricio-830x1024.jpeg\" sizes=\"auto, (max-width: 351px) 100vw, 351px\" srcset=\"https:\/\/balfego.com\/app\/uploads\/2026\/09\/Eduardo-Fabricio-830x1024.jpeg 830w, https:\/\/balfego.com\/app\/uploads\/2026\/09\/Eduardo-Fabricio-243x300.jpeg 243w, https:\/\/balfego.com\/app\/uploads\/2026\/09\/Eduardo-Fabricio-768x948.jpeg 768w, https:\/\/balfego.com\/app\/uploads\/2026\/09\/Eduardo-Fabricio.jpeg 1120w\" alt=\"Eduardo Fabricio\" width=\"351\" height=\"433\" \/><\/p>\n<p>&nbsp;<\/p>\n<div>\n<p><strong>HEUNG CHUL HAN \u2013 JUNO OMAKASE (LONDRES)<\/strong><\/p>\n<p>Nascut a Corea del Sud l\u2019any 1972, Heung Chul Han compta amb una s\u00f2lida traject\u00f2ria de m\u00e9s de dues d\u00e8cades en alguns dels restaurants japonesos m\u00e9s prestigiosos de Londres. La seva carrera va comen\u00e7ar l\u2019any 1999 al restaurant <strong>Manna<\/strong>, a Se\u00fcl, abans de fer el salt al Regne Unit, on ha desenvolupat la major part de la seva vida professional. Despr\u00e9s d\u2019una primera experi\u00e8ncia londinenca al restaurant <strong>Edokko<\/strong>, es va incorporar el 2005 a <strong>Nobu Berkeley Street<\/strong>, iniciant una etapa que el situaria al centre de l\u2019escena gastron\u00f2mica japonesa de la capital brit\u00e0nica. A partir d\u2019aqu\u00ed, el seu curr\u00edculum inclou establiments de refer\u00e8ncia internacional com <strong>Sketch<\/strong>, <strong>Zuma Knightsbridge<\/strong> i <strong>Roka Canary Wharf<\/strong>, reconeguts per la seva excel\u00b7l\u00e8ncia culin\u00e0ria i la seva projecci\u00f3 internacional. La seva experi\u00e8ncia es va ampliar posteriorment amb el grup <strong>Oliver Maki<\/strong>, abans de tornar a l\u2019univers Nobu treballant a <strong>Nobu Park Lane<\/strong>i, m\u00e9s endavant, a <strong>Nobu Hotel Shoreditch<\/strong>. En els darrers anys tamb\u00e9 ha format part de projectes destacats com <strong>Koyn<\/strong> i <strong>Los Mochis<\/strong>, dos dels noms m\u00e9s innovadors de l\u2019escena gastron\u00f2mica londinenca. Actualment desenvolupa la seva activitat a <strong>Juno Omakase<\/strong>, on continua perfeccionant una proposta basada en l\u2019excel\u00b7l\u00e8ncia t\u00e8cnica, el respecte per la tradici\u00f3 japonesa i l\u2019experi\u00e8ncia personalitzada pr\u00f2pia de l\u2019estil omakase. La seva traject\u00f2ria el converteix en un dels professionals m\u00e9s experimentats i consolidats d\u2019aquesta edici\u00f3 d\u2019ITAMAE BALFEG\u00d3.<\/p>\n<\/div>\n<p><img loading=\"lazy\" decoding=\"async\" class=\"aligncenter size-full wp-image-51321\" title=\"Conoce a los 10 sushichefs que competir\u00e1n en ITAMAE Balfeg\u00f3 2026 6\" src=\"https:\/\/balfego.com\/app\/uploads\/2026\/09\/Heung-chul-han.png\" sizes=\"auto, (max-width: 306px) 100vw, 306px\" srcset=\"https:\/\/balfego.com\/app\/uploads\/2026\/09\/Heung-chul-han.png 306w, https:\/\/balfego.com\/app\/uploads\/2026\/09\/Heung-chul-han-231x300.png 231w\" alt=\"Heung chul han\" width=\"306\" height=\"398\" \/><\/p>\n<p>&nbsp;<\/p>\n<p><strong>JAUME MARAMBIO CORT\u00c9S<\/strong> <strong>\u2013 RTE. ALAPAR (BARCELONA)<\/strong><\/p>\n<div>\n<div id=\"copilot-message-_r_ees_\" class=\"fai-CopilotMessage__content r1izxv8h ___7qar2c0 fcthzvy\" dir=\"auto\">\n<div>\n<div dir=\"auto\">\n<div class=\"___1vve6yh f22iagw f1vx9l62 f122n59 f3bhgqh f1mnxvew fly5x3f\">\n<div class=\"___j4vmuw0 f22iagw f1vx9l62 f1869bpl fly5x3f fbc6vix\">\n<div tabindex=\"0\" data-testid=\"loading-message\" data-fui-focus-visible=\"\">\n<div>\n<div>\n<div id=\"response-id_r_eeq_\" class=\"___1yop6mf f336tjw f9ijwd5 fz7g6wx fod5ikn f1s184ao\" data-testid=\"lastChatMessage\">\n<div class=\"___1peis63 f22iagw f1063pyq f6jr5hl f1c88k3p\">\n<div class=\"___4htdyp0 fz7g6wx fy77jfu\">\n<div class=\"___1j4t0a1 f1lmfglv f1abmfm4\" dir=\"auto\" aria-hidden=\"false\" data-testid=\"markdown-reply\" data-message-id=\"b2197540-53c0-4b5a-9cf6-b8c874f5458f\" data-message-type=\"Chat\">\n<div class=\"___1ddt6wa f22iagw f1vx9l62 fkmyikg fk15e71 f1k953kz f137keqj f1rncccw f1stllg3 f1w4kmmc f1tric3v f10dk5ic fx8cdsv f16nlwsl f1eookvz fhjrts3 fqugt2f f18d18k8 f1v1vhmp f1hdmul3 f198vjnp f2dshw1 fjpjndq fnmj2pj ffrrb40 f1mon110 fhajzam fimndk6 fxv4dng fb1rn9k f59wlhv f1xmfh30 f18yf5o5 fmr6chf fw8qy2q ff161sd f1qr7t77 f1yyogn1 foogchg fp5872b f1tpb8gf f1hdgrc8 f1vatr43 frkxccd f9pdzkb f158oiaz ft5kggy f5l4ui7 f13j03li f18xdoka f8off4e f1go6zfc f128n2ra f1jpxw2j f1lwd9n0 fy0b8hm f1g2633v fx4kvgi fkvolse f1gxrt3a f1os76ua f1js9cnw f1g87ej0 freluf8 f1yggaq6 f2i3chp f1151osp florpoh f35kzfz ftp9m57 f1e288vi fz62hnz fixvuys f1nmofwh fc1c6mv f18a2er7 fhvkrdl fhxnn68 f1oce4bo fvhlfan f7tc0t0 f1ngf1n2 ffrzq6x f1yjiq2m f1aqdgql f1huvaf f10ij78l f1k94sa4 fkmfumq f1jvzkyl f1eu24ob f1xbfc1f fmf0lwf f107dsy8 f3w566c f4648sl f13zpkng f7unjfp f8p1rz fzu6h1w f1i1bi6h f1smo7hi f1sk1xod f1kgogdq f1gjktkp ft608jz f1o9wiiv fg3xr24 fhd155k f1b8gl2e fg4b9ou flb4lo fdicbfk fgwcyh1 f1jbds0d f1fb9uea f1stuka4 fcrtu6g fwqh0xn f11w66yg f6e0e65 f1vvgu0 f1607507 fgct6un f1ec1nbe fg3fpv7 f1m9bycv f1ntoah8 f1b694rt faql4r2 fpjuhzh fmavl6h f1d9bsk fmzhlt0 f145l92p fwkyaqm f129obh1 f19la9g f127w39w fr0ux9m fxhidck f1cu4h9j f1wnbo7v f1eueg4z fy9c24f f1h2o91j f1iw08fq f19n0e5 f196z6ca fsbhmxc f1mth4z6\">\n<p>Nascut a Espanya l\u2019any 1990, Jaume Marambio Cort\u00e9s ha constru\u00eft una traject\u00f2ria estretament vinculada a l\u2019alta gastronomia barcelonina, passant per alguns dels restaurants m\u00e9s influents de les darreres d\u00e8cades. Des dels seus inicis professionals al <strong>Restaurant Sant R\u00e9my<\/strong>, ha combinat experi\u00e8ncies en establiments de refer\u00e8ncia que han contribu\u00eft a definir el seu perfil culinari i la seva visi\u00f3 de la cuina. La seva formaci\u00f3 es va consolidar en restaurants de prestigi com <strong>Dos Cielos<\/strong>, <strong>Iurantia<\/strong> i <strong>Sa\u00fcc<\/strong>, aquest \u00faltim distingit amb estrella Michelin. Aquest recorregut el va portar a formar part de l\u2019equip de <strong>Tickets<\/strong>, un dels projectes m\u00e9s creatius i innovadors del grup El Barri, liderat pels germans Adri\u00e0. Posteriorment, va continuar ampliant la seva experi\u00e8ncia en noms imprescindibles de la gastronomia contempor\u00e0nia, com <strong>Disfrutar<\/strong>, avui considerat un dels millors restaurants del m\u00f3n, aix\u00ed com una nova etapa a <strong>Tickets<\/strong>. La seva carrera tamb\u00e9 el va portar a l\u2019estranger, amb una experi\u00e8ncia professional a <strong>Iberostar Varadero<\/strong>, a Cuba. L\u2019any 2019 va assumir la direcci\u00f3 de cuina de <strong>Pakta<\/strong>, el restaurant d\u2019inspiraci\u00f3 nikkei d\u2019El Barri reconegut amb una estrella Michelin, consolidant-se com una de les figures emergents de la cuina japonesa i asi\u00e0tica a Barcelona. M\u00e9s endavant, va continuar la seva traject\u00f2ria en establiments destacats com <strong>Mont Bar<\/strong> i <strong>MediaManga<\/strong>. Actualment \u00e9s xef i propietari d\u2019<strong>Alapar<\/strong>, el seu projecte m\u00e9s personal. Situat a Barcelona, el restaurant reflecteix tota l\u2019experi\u00e8ncia acumulada al llarg dels anys i una proposta gastron\u00f2mica que combina t\u00e8cnica, creativitat i una marcada influ\u00e8ncia de la cuina japonesa.<\/p>\n<\/div>\n<\/div>\n<\/div>\n<\/div>\n<\/div>\n<\/div>\n<\/div>\n<\/div>\n<\/div>\n<\/div>\n<\/div>\n<\/div>\n<\/div>\n<div class=\"fai-CopilotMessage__actions rmlvq19 ___7qar2c0 fcthzvy\" role=\"toolbar\" data-tabster=\"{&quot;mover&quot;:{&quot;cyclic&quot;:false,&quot;direction&quot;:2,&quot;memorizeCurrent&quot;:true}}\"><\/div>\n<\/div>\n<p><img loading=\"lazy\" decoding=\"async\" class=\"aligncenter wp-image-51328\" title=\"Conoce a los 10 sushichefs que competir\u00e1n en ITAMAE Balfeg\u00f3 2026 7\" src=\"https:\/\/balfego.com\/app\/uploads\/2026\/09\/JAUME-683x1024.jpg\" sizes=\"auto, (max-width: 297px) 100vw, 297px\" srcset=\"https:\/\/balfego.com\/app\/uploads\/2026\/09\/JAUME-683x1024.jpg 683w, https:\/\/balfego.com\/app\/uploads\/2026\/09\/JAUME-200x300.jpg 200w, https:\/\/balfego.com\/app\/uploads\/2026\/09\/JAUME-768x1151.jpg 768w, https:\/\/balfego.com\/app\/uploads\/2026\/09\/JAUME-1025x1536.jpg 1025w, https:\/\/balfego.com\/app\/uploads\/2026\/09\/JAUME-1366x2048.jpg 1366w, https:\/\/balfego.com\/app\/uploads\/2026\/09\/JAUME-scaled.jpg 1708w\" alt=\"JAUME\" width=\"297\" height=\"445\" \/><\/p>\n<p>&nbsp;<\/p>\n<p><strong>MEIDAN SIBONI \u2013 RTE. WARSAW PRESIDENTIAL HOTEL, MEIDAN SIBONI STUDIO (VARS\u00d2VIA)<\/strong><\/p>\n<div>\n<p>Nascut l\u2019any 1988 i de nacionalitat portuguesa-israeliana, <strong>Meidan Siboni<\/strong> \u00e9s un xef i emprenedor gastron\u00f2mic amb una s\u00f2lida traject\u00f2ria internacional, reconegut per la seva capacitat de liderar projectes gastron\u00f2mics innovadors i d\u2019alt nivell. Al llarg de la seva carrera ha rebut diversos reconeixements professionals que l\u2019han consolidat com una figura destacada dins l\u2019escena culin\u00e0ria contempor\u00e0nia. Actualment compagina la direcci\u00f3 de diversos projectes internacionals. \u00c9s fundador i xef executiu de <strong>Meidan Siboni Studio<\/strong>, amb seu a <strong>Jaffa (Israel)<\/strong>, des d\u2019on desenvolupa conceptes gastron\u00f2mics, assessorament estrat\u00e8gic i projectes de restauraci\u00f3. Des del 2025 exerceix com a soci culinari i xef conceptual de <strong>Panorama Sky Bar<\/strong>, ubicat al <strong>Warsaw Presidential Hotel<\/strong> de Vars\u00f2via (Pol\u00f2nia), on participa en el desenvolupament de la proposta gastron\u00f2mica i en la definici\u00f3 de l\u2019experi\u00e8ncia culin\u00e0ria de l\u2019establiment. Tamb\u00e9 \u00e9s soci i director culinari de <strong>Grand Vin<\/strong>, a <strong>Ness Ziona (Israel)<\/strong>, un projecte que lidera des del 2025 i que reflecteix la seva visi\u00f3 de la gastronomia contempor\u00e0nia. Paral\u00b7lelament, assessora la proposta culin\u00e0ria de <strong>Sumika<\/strong>, restaurant situat tamb\u00e9 al <strong>Warsaw Presidential Hotel<\/strong> de Vars\u00f2via. La seva traject\u00f2ria destaca per la combinaci\u00f3 de creativitat, lideratge i capacitat d\u2019innovaci\u00f3, qualitats que l\u2019han convertit en una figura rellevant en l\u2019\u00e0mbit de la gastronomia internacional.<\/p>\n<\/div>\n<p><img loading=\"lazy\" decoding=\"async\" class=\"aligncenter wp-image-51335\" title=\"Conoce a los 10 sushichefs que competir\u00e1n en ITAMAE Balfeg\u00f3 2026 8\" src=\"https:\/\/balfego.com\/app\/uploads\/2026\/09\/Meidan-Siboni-682x1024.jpeg\" sizes=\"auto, (max-width: 284px) 100vw, 284px\" srcset=\"https:\/\/balfego.com\/app\/uploads\/2026\/09\/Meidan-Siboni-682x1024.jpeg 682w, https:\/\/balfego.com\/app\/uploads\/2026\/09\/Meidan-Siboni-200x300.jpeg 200w, https:\/\/balfego.com\/app\/uploads\/2026\/09\/Meidan-Siboni-768x1153.jpeg 768w, https:\/\/balfego.com\/app\/uploads\/2026\/09\/Meidan-Siboni-1023x1536.jpeg 1023w, https:\/\/balfego.com\/app\/uploads\/2026\/09\/Meidan-Siboni.jpeg 1066w\" alt=\"Meidan Siboni\" width=\"284\" height=\"426\" \/><\/p>\n<p>&nbsp;<\/p>\n<p><strong>NUMAN SECKIN<\/strong><strong> \u2013 RTE. GOLDEN EYE \u2013 HOTEL FAIRMONT GOLDEN PRAGUE***** (PRAGA)<\/strong><\/p>\n<div>\n<div id=\"copilot-message-_r_ehd_\" class=\"fai-CopilotMessage__content r1izxv8h ___7qar2c0 fcthzvy\" dir=\"auto\">\n<div>\n<div dir=\"auto\">\n<div class=\"___1vve6yh f22iagw f1vx9l62 f122n59 f3bhgqh f1mnxvew fly5x3f\">\n<div class=\"___j4vmuw0 f22iagw f1vx9l62 f1869bpl fly5x3f fbc6vix\">\n<div tabindex=\"0\" data-testid=\"loading-message\" data-fui-focus-visible=\"\">\n<div>\n<div>\n<div id=\"response-id_r_ehb_\" class=\"___1yop6mf f336tjw f9ijwd5 fz7g6wx fod5ikn f1s184ao\" data-testid=\"lastChatMessage\">\n<div class=\"___1peis63 f22iagw f1063pyq f6jr5hl f1c88k3p\">\n<div class=\"___4htdyp0 fz7g6wx fy77jfu\">\n<div class=\"___1j4t0a1 f1lmfglv f1abmfm4\" dir=\"auto\" aria-hidden=\"false\" data-testid=\"markdown-reply\" data-message-id=\"988aef8b-ef75-4ab5-bbb1-e809d4f6b876\" data-message-type=\"Chat\">\n<div class=\"___1ddt6wa f22iagw f1vx9l62 fkmyikg fk15e71 f1k953kz f137keqj f1rncccw f1stllg3 f1w4kmmc f1tric3v f10dk5ic fx8cdsv f16nlwsl f1eookvz fhjrts3 fqugt2f f18d18k8 f1v1vhmp f1hdmul3 f198vjnp f2dshw1 fjpjndq fnmj2pj ffrrb40 f1mon110 fhajzam fimndk6 fxv4dng fb1rn9k f59wlhv f1xmfh30 f18yf5o5 fmr6chf fw8qy2q ff161sd f1qr7t77 f1yyogn1 foogchg fp5872b f1tpb8gf f1hdgrc8 f1vatr43 frkxccd f9pdzkb f158oiaz ft5kggy f5l4ui7 f13j03li f18xdoka f8off4e f1go6zfc f128n2ra f1jpxw2j f1lwd9n0 fy0b8hm f1g2633v fx4kvgi fkvolse f1gxrt3a f1os76ua f1js9cnw f1g87ej0 freluf8 f1yggaq6 f2i3chp f1151osp florpoh f35kzfz ftp9m57 f1e288vi fz62hnz fixvuys f1nmofwh fc1c6mv f18a2er7 fhvkrdl fhxnn68 f1oce4bo fvhlfan f7tc0t0 f1ngf1n2 ffrzq6x f1yjiq2m f1aqdgql f1huvaf f10ij78l f1k94sa4 fkmfumq f1jvzkyl f1eu24ob f1xbfc1f fmf0lwf f107dsy8 f3w566c f4648sl f13zpkng f7unjfp f8p1rz fzu6h1w f1i1bi6h f1smo7hi f1sk1xod f1kgogdq f1gjktkp ft608jz f1o9wiiv fg3xr24 fhd155k f1b8gl2e fg4b9ou flb4lo fdicbfk fgwcyh1 f1jbds0d f1fb9uea f1stuka4 fcrtu6g fwqh0xn f11w66yg f6e0e65 f1vvgu0 f1607507 fgct6un f1ec1nbe fg3fpv7 f1m9bycv f1ntoah8 f1b694rt faql4r2 fpjuhzh fmavl6h f1d9bsk fmzhlt0 f145l92p fwkyaqm f129obh1 f19la9g f127w39w fr0ux9m fxhidck f1cu4h9j f1wnbo7v f1eueg4z fy9c24f f1h2o91j f1iw08fq f19n0e5 f196z6ca fsbhmxc f1mth4z6\">\n<p>Nascut l\u2019any 1994 a Turquia, <strong>Numan Seckin<\/strong> va iniciar la seva traject\u00f2ria professional entre el 2010 i el 2013 al grup <strong>Divan<\/strong>. Posteriorment, va treballar entre el 2013 i el 2016 al <strong>Hilton Istanbul Bomonti Hotel &amp; Conference Center<\/strong> d\u2019Istanbul, amb una breu etapa el 2016 a <strong>DO &amp; CO Group<\/strong>. Aquell mateix any es va traslladar a Dubai per incorporar-se al restaurant <strong>Waka<\/strong>, on va treballar fins al 2018. Despr\u00e9s va continuar la seva carrera a Abu Dhabi, formant part de l\u2019equip de <strong>Zuma<\/strong> fins al 2020. Aquell any va tornar al seu pa\u00eds per unir-se al <strong>Novikov Restaurant &amp; Bar<\/strong> de Bodrum. Un nou repte professional el va portar el 2021 a Alb\u00e0nia, on va treballar al <strong>Maritim Resort Marina Bay &amp; Casino<\/strong> de Vlora. M\u00e9s tard aquell mateix any es va reincorporar a <strong>Zuma Dubai<\/strong>, on va romandre fins al 2024. A continuaci\u00f3, es va unir a l\u2019equip d\u2019<strong>Ayla by Blu<\/strong>(Dubai), on va treballar fins al 2025, posant fi a la seva etapa als Emirats \u00c0rabs Units. Des del 2025 forma part de l\u2019equip de l\u2019<strong>Hotel Fairmont Golden Prague<\/strong> de Praga, on continua desenvolupant la seva carrera com a especialista en cuina japonesa.<\/p>\n<\/div>\n<\/div>\n<\/div>\n<\/div>\n<\/div>\n<\/div>\n<\/div>\n<\/div>\n<\/div>\n<\/div>\n<\/div>\n<\/div>\n<\/div>\n<div class=\"fai-CopilotMessage__actions rmlvq19 ___7qar2c0 fcthzvy\" role=\"toolbar\" data-tabster=\"{&quot;mover&quot;:{&quot;cyclic&quot;:false,&quot;direction&quot;:2,&quot;memorizeCurrent&quot;:true}}\"><\/div>\n<\/div>\n<p><img loading=\"lazy\" decoding=\"async\" class=\"aligncenter wp-image-51342\" title=\"Conoce a los 10 sushichefs que competir\u00e1n en ITAMAE Balfeg\u00f3 2026 9\" src=\"https:\/\/balfego.com\/app\/uploads\/2026\/09\/NUMAN-2-1024x682.jpeg\" sizes=\"auto, (max-width: 608px) 100vw, 608px\" srcset=\"https:\/\/balfego.com\/app\/uploads\/2026\/09\/NUMAN-2-1024x682.jpeg 1024w, https:\/\/balfego.com\/app\/uploads\/2026\/09\/NUMAN-2-300x200.jpeg 300w, https:\/\/balfego.com\/app\/uploads\/2026\/09\/NUMAN-2-768x512.jpeg 768w, https:\/\/balfego.com\/app\/uploads\/2026\/09\/NUMAN-2-1536x1023.jpeg 1536w, https:\/\/balfego.com\/app\/uploads\/2026\/09\/NUMAN-2.jpeg 1600w\" alt=\"NUMAN 2\" width=\"608\" height=\"405\" \/><\/p>\n<p>&nbsp;<\/p>\n<p><strong>PAOLO CINI \u2013 IE KOJI SAKABA \u2013 (ROMA)<\/strong><\/p>\n<div>\n<p>Nascut a Roma l\u2019any 1989, Paolo Cini ha orientat la seva carrera cap a l\u2019especialitzaci\u00f3 en l\u2019art del sushi, una disciplina que va perfeccionar amb la seva formaci\u00f3 al prestigi\u00f3s <strong>World Sushi Skills Institute de T\u00f2quio<\/strong>. La combinaci\u00f3 de formaci\u00f3 japonesa i experi\u00e8ncia professional a It\u00e0lia l\u2019ha convertit en una de les figures emergents del panorama del sushi al seu pa\u00eds. Despr\u00e9s d\u2019una primera etapa treballant com a ajudant de cuina en diversos restaurants, va comen\u00e7ar a consolidar la seva traject\u00f2ria professional a <strong>Junsei Testaccio<\/strong>, on va desenvolupar la seva activitat entre 2013 i 2017. Posteriorment, va passar pel restaurant <strong>Gotha Roma<\/strong>, continuant el seu proc\u00e9s de creixement dins la gastronomia japonesa. Entre 2019 i 2023 va formar part del grup Junsei, treballant en diferents establiments de la marca a <strong>Roma<\/strong> i <strong>M\u00f2dena<\/strong>. Aquesta experi\u00e8ncia li va permetre aprofundir en diferents formats de restauraci\u00f3 especialitzats en cuina japonesa i ampliar la seva visi\u00f3 gastron\u00f2mica. M\u00e9s endavant, va continuar la seva traject\u00f2ria a <strong>Bomaki<\/strong>, una de les cadenes italianes de refer\u00e8ncia en cuina japonesa contempor\u00e0nia, treballant en diversos establiments entre Mil\u00e0 i Roma. Des del 2025 forma part de l\u2019equip d\u2019<strong>IE KOJI SAKABA<\/strong>, a Roma, on exerceix actualment com a <strong>Sushi Chef<\/strong>. El seu talent tamb\u00e9 ha estat reconegut en l\u2019\u00e0mbit internacional, aconseguint la classificaci\u00f3 com a <strong>semifinalista de la World Sushi Cup 2026 de T\u00f2quio<\/strong>, una de les competicions m\u00e9s prestigioses del m\u00f3n dedicades a l\u2019art del sushi.<\/p>\n<\/div>\n<p><img loading=\"lazy\" decoding=\"async\" class=\"aligncenter wp-image-51349\" title=\"Conoce a los 10 sushichefs que competir\u00e1n en ITAMAE Balfeg\u00f3 2026 10\" src=\"https:\/\/balfego.com\/app\/uploads\/2026\/09\/Paolo-Cini-768x1024.jpg\" sizes=\"auto, (max-width: 286px) 100vw, 286px\" srcset=\"https:\/\/balfego.com\/app\/uploads\/2026\/09\/Paolo-Cini-768x1024.jpg 768w, https:\/\/balfego.com\/app\/uploads\/2026\/09\/Paolo-Cini-225x300.jpg 225w, https:\/\/balfego.com\/app\/uploads\/2026\/09\/Paolo-Cini-1152x1536.jpg 1152w, https:\/\/balfego.com\/app\/uploads\/2026\/09\/Paolo-Cini.jpg 1536w\" alt=\"Paolo Cini\" width=\"286\" height=\"381\" \/><\/p>\n<div>Els participants seleccionats seran avaluats per un exigent panell de jutges, reconeguts internacionalment per la seva traject\u00f2ria en restaurants d\u2019arreu d\u2019Europa. El jurat estar\u00e0 presidit per <strong>Hideki Matsuhisa<\/strong> (Koy Shunka*, Barcelona). La resta de membres s\u00f3n destacats cuiners experts en la disciplina gastron\u00f2mica del sushi a Europa: <strong>Yoshikazu Yanome<\/strong> (Kaido*, Val\u00e8ncia), <strong>Endo Kazutoshi<\/strong> (Endo at the Rotunda*, Regne Unit), <strong>Alon Than<\/strong> (Alon Omakase*, Pol\u00f2nia), <strong>Masazi Suzuki<\/strong> (Iyo Omakase*, It\u00e0lia), <strong>Van Giang Nguyen<\/strong> (Chang, Alemanya) i <strong>Emanuele Bombardier<\/strong> (Matsuhisa du Palace Le Royal Monceau, Fran\u00e7a).<\/div>\n<p>&nbsp;<\/p>\n","protected":false},"excerpt":{"rendered":"<p>ITAMAE BALFEG\u00d3 tornar\u00e0 el pr\u00f2xim 28 de setembre amb una edici\u00f3 que refor\u00e7a la seva dimensi\u00f3 internacional. Per primera vegada, el certamen reunir\u00e0 sushichefs procedents de diversos pa\u00efsos europeus que competiran pel t\u00edtol de Millor ITAMAE d\u2019Europa. La jornada, que tindr\u00e0 lloc a les noves instal\u00b7lacions de Balfeg\u00f3 a l\u2019Ametlla de Mar, combinar\u00e0 la competici\u00f3 &hellip; <a href=\"https:\/\/balfego.com\/ca\/conoce-10-sushichefs-itamae-balfego-2026\/\">Continued<\/a><\/p>\n","protected":false},"author":4,"featured_media":51379,"comment_status":"open","ping_status":"open","sticky":false,"template":"","format":"standard","meta":{"_acf_changed":false,"footnotes":""},"categories":[8],"tags":[461,650],"class_list":["post-51389","post","type-post","status-publish","format-standard","has-post-thumbnail","hentry","category-sense-categoria","tag-balfego-ca","tag-itamae"],"acf":[],"_links":{"self":[{"href":"https:\/\/balfego.com\/ca\/wp-json\/wp\/v2\/posts\/51389","targetHints":{"allow":["GET"]}}],"collection":[{"href":"https:\/\/balfego.com\/ca\/wp-json\/wp\/v2\/posts"}],"about":[{"href":"https:\/\/balfego.com\/ca\/wp-json\/wp\/v2\/types\/post"}],"author":[{"embeddable":true,"href":"https:\/\/balfego.com\/ca\/wp-json\/wp\/v2\/users\/4"}],"replies":[{"embeddable":true,"href":"https:\/\/balfego.com\/ca\/wp-json\/wp\/v2\/comments?post=51389"}],"version-history":[{"count":3,"href":"https:\/\/balfego.com\/ca\/wp-json\/wp\/v2\/posts\/51389\/revisions"}],"predecessor-version":[{"id":51392,"href":"https:\/\/balfego.com\/ca\/wp-json\/wp\/v2\/posts\/51389\/revisions\/51392"}],"wp:featuredmedia":[{"embeddable":true,"href":"https:\/\/balfego.com\/ca\/wp-json\/wp\/v2\/media\/51379"}],"wp:attachment":[{"href":"https:\/\/balfego.com\/ca\/wp-json\/wp\/v2\/media?parent=51389"}],"wp:term":[{"taxonomy":"category","embeddable":true,"href":"https:\/\/balfego.com\/ca\/wp-json\/wp\/v2\/categories?post=51389"},{"taxonomy":"post_tag","embeddable":true,"href":"https:\/\/balfego.com\/ca\/wp-json\/wp\/v2\/tags?post=51389"}],"curies":[{"name":"wp","href":"https:\/\/api.w.org\/{rel}","templated":true}]}}